{"id":36,"count":2,"description":"Trabalhamos na sensibiliza\u00e7\u00e3o e no refor\u00e7o da capacidade das comunidades e dos sistemas de sa\u00fade para responder aos impactos das altera\u00e7\u00f5es clim\u00e1ticas \u2014 desde inunda\u00e7\u00f5es a secas \u2014 que amea\u00e7am a sa\u00fade e o acesso aos servi\u00e7os.","link":"https:\/\/medicoscomafrica.org\/it\/topic_interventi\/alteracoes-climaticas\/","name":"Altera\u00e7\u00f5es clim\u00e1ticas","slug":"alteracoes-climaticas","taxonomy":"topic_interventi","parent":0,"meta":[],"acf":[],"_links":{"self":[{"href":"https:\/\/medicoscomafrica.org\/it\/wp-json\/wp\/v2\/topic_interventi\/36","targetHints":{"allow":["GET"]}}],"collection":[{"href":"https:\/\/medicoscomafrica.org\/it\/wp-json\/wp\/v2\/topic_interventi"}],"about":[{"href":"https:\/\/medicoscomafrica.org\/it\/wp-json\/wp\/v2\/taxonomies\/topic_interventi"}],"wp:post_type":[{"href":"https:\/\/medicoscomafrica.org\/it\/wp-json\/wp\/v2\/interventi?topic_interventi=36"}],"curies":[{"name":"wp","href":"https:\/\/api.w.org\/{rel}","templated":true}]}}